{"id":2654,"count":8,"description":"<span class=\"relative -mx-px my-[-0.2rem] rounded px-px py-[0.2rem] transition-colors duration-100 ease-in-out\">AYRA ist ein liebevoll gef\u00fchrter Familienbetrieb aus der Schweiz, der sich voll und ganz der Herstellung hochwertiger, handgemachter Naturseifen und Kerzen widmet. Ohne chemische Zus\u00e4tze, mit viel Sorgfalt und in bester Qualit\u00e4t gefertigt, bieten die Seifen sanfte Pflege, die K\u00f6rper und Sinne gleicherma\u00dfen verw\u00f6hnt.<\/span>","link":"https:\/\/www.werecycle.ch\/en\/marke\/ayra\/","name":"AYRA","slug":"ayra","taxonomy":"product_brand","parent":0,"meta":[],"yoast_head":"<!-- This site is optimized with the Yoast SEO plugin v27.5 - https:\/\/yoast.com\/product\/yoast-seo-wordpress\/ -->\n<title>Marke AYRA - WeRecycle.ch | WR Group AG<\/title>\n<meta name=\"description\" content=\"AYRA ist ein liebevoll gef\u00fchrter Familienbetrieb aus der Schweiz, der sich voll und ganz der Herstellung hochwertiger, handgemachter Naturseifen &amp; Kerzen widmet.\" \/>\n<meta name=\"robots\" content=\"index, follow, max-snippet:-1, max-image-preview:large, max-video-preview:-1\" \/>\n<link rel=\"canonical\" href=\"https:\/\/www.werecycle.ch\/en\/marke\/ayra\/\" \/>\n<meta property=\"og:locale\" content=\"en_GB\" \/>\n<meta property=\"og:type\" content=\"article\" \/>\n<meta property=\"og:title\" content=\"Marke AYRA - WeRecycle.ch | WR Group AG\" \/>\n<meta property=\"og:description\" content=\"AYRA ist ein liebevoll gef\u00fchrter Familienbetrieb aus der Schweiz, der sich voll und ganz der Herstellung hochwertiger, handgemachter Naturseifen &amp; Kerzen widmet.\" \/>\n<meta property=\"og:url\" content=\"https:\/\/www.werecycle.ch\/en\/marke\/ayra\/\" \/>\n<meta property=\"og:site_name\" content=\"WeRecycle.ch | WR Group AG\" \/>\n<meta property=\"og:image\" content=\"https:\/\/www.werecycle.ch\/wp-content\/uploads\/2022\/09\/logo_werecycle.webp\" \/>\n\t<meta property=\"og:image:width\" content=\"1423\" \/>\n\t<meta property=\"og:image:height\" content=\"427\" \/>\n\t<meta property=\"og:image:type\" content=\"image\/webp\" \/>\n<meta name=\"twitter:card\" content=\"summary_large_image\" \/>\n<script type=\"application\/ld+json\" class=\"yoast-schema-graph\">{\"@context\":\"https:\\\/\\\/schema.org\",\"@graph\":[{\"@type\":\"CollectionPage\",\"@id\":\"https:\\\/\\\/www.werecycle.ch\\\/marke\\\/ayra\\\/\",\"url\":\"https:\\\/\\\/www.werecycle.ch\\\/marke\\\/ayra\\\/\",\"name\":\"Marke AYRA - WeRecycle.ch | WR Group AG\",\"isPartOf\":{\"@id\":\"https:\\\/\\\/www.werecycle.ch\\\/de\\\/#website\"},\"description\":\"AYRA ist ein liebevoll gef\u00fchrter Familienbetrieb aus der Schweiz, der sich voll und ganz der Herstellung hochwertiger, handgemachter Naturseifen & Kerzen widmet.\",\"breadcrumb\":{\"@id\":\"https:\\\/\\\/www.werecycle.ch\\\/marke\\\/ayra\\\/#breadcrumb\"},\"inLanguage\":\"en-GB\"},{\"@type\":\"BreadcrumbList\",\"@id\":\"https:\\\/\\\/www.werecycle.ch\\\/marke\\\/ayra\\\/#breadcrumb\",\"itemListElement\":[{\"@type\":\"ListItem\",\"position\":1,\"name\":\"Startseite\",\"item\":\"https:\\\/\\\/www.werecycle.ch\\\/\"},{\"@type\":\"ListItem\",\"position\":2,\"name\":\"AYRA\"}]},{\"@type\":\"WebSite\",\"@id\":\"https:\\\/\\\/www.werecycle.ch\\\/de\\\/#website\",\"url\":\"https:\\\/\\\/www.werecycle.ch\\\/de\\\/\",\"name\":\"WeRecycle.ch | Recycling Services AG\",\"description\":\"\",\"publisher\":{\"@id\":\"https:\\\/\\\/www.werecycle.ch\\\/de\\\/#organization\"},\"potentialAction\":[{\"@type\":\"SearchAction\",\"target\":{\"@type\":\"EntryPoint\",\"urlTemplate\":\"https:\\\/\\\/www.werecycle.ch\\\/de\\\/?s={search_term_string}\"},\"query-input\":{\"@type\":\"PropertyValueSpecification\",\"valueRequired\":true,\"valueName\":\"search_term_string\"}}],\"inLanguage\":\"en-GB\"},{\"@type\":\"Organization\",\"@id\":\"https:\\\/\\\/www.werecycle.ch\\\/de\\\/#organization\",\"name\":\"WeRecycle.ch | Recycling Services AG\",\"url\":\"https:\\\/\\\/www.werecycle.ch\\\/de\\\/\",\"logo\":{\"@type\":\"ImageObject\",\"inLanguage\":\"en-GB\",\"@id\":\"https:\\\/\\\/www.werecycle.ch\\\/de\\\/#\\\/schema\\\/logo\\\/image\\\/\",\"url\":\"https:\\\/\\\/www.werecycle.ch\\\/wp-content\\\/uploads\\\/2022\\\/09\\\/logo_werecycle.webp\",\"contentUrl\":\"https:\\\/\\\/www.werecycle.ch\\\/wp-content\\\/uploads\\\/2022\\\/09\\\/logo_werecycle.webp\",\"width\":1423,\"height\":427,\"caption\":\"WeRecycle.ch | Recycling Services AG\"},\"image\":{\"@id\":\"https:\\\/\\\/www.werecycle.ch\\\/de\\\/#\\\/schema\\\/logo\\\/image\\\/\"},\"sameAs\":[\"https:\\\/\\\/www.facebook.com\\\/www.werecycle.ch\"]}]}<\/script>\n<!-- \/ Yoast SEO plugin. -->","yoast_head_json":{"title":"Marke AYRA - WeRecycle.ch | WR Group AG","description":"AYRA ist ein liebevoll gef\u00fchrter Familienbetrieb aus der Schweiz, der sich voll und ganz der Herstellung hochwertiger, handgemachter Naturseifen & Kerzen widmet.","robots":{"index":"index","follow":"follow","max-snippet":"max-snippet:-1","max-image-preview":"max-image-preview:large","max-video-preview":"max-video-preview:-1"},"canonical":"https:\/\/www.werecycle.ch\/en\/marke\/ayra\/","og_locale":"en_GB","og_type":"article","og_title":"Marke AYRA - WeRecycle.ch | WR Group AG","og_description":"AYRA ist ein liebevoll gef\u00fchrter Familienbetrieb aus der Schweiz, der sich voll und ganz der Herstellung hochwertiger, handgemachter Naturseifen & Kerzen widmet.","og_url":"https:\/\/www.werecycle.ch\/en\/marke\/ayra\/","og_site_name":"WeRecycle.ch | WR Group AG","og_image":[{"width":1423,"height":427,"url":"https:\/\/www.werecycle.ch\/wp-content\/uploads\/2022\/09\/logo_werecycle.webp","type":"image\/webp"}],"twitter_card":"summary_large_image","schema":{"@context":"https:\/\/schema.org","@graph":[{"@type":"CollectionPage","@id":"https:\/\/www.werecycle.ch\/marke\/ayra\/","url":"https:\/\/www.werecycle.ch\/marke\/ayra\/","name":"Marke AYRA - WeRecycle.ch | WR Group AG","isPartOf":{"@id":"https:\/\/www.werecycle.ch\/de\/#website"},"description":"AYRA ist ein liebevoll gef\u00fchrter Familienbetrieb aus der Schweiz, der sich voll und ganz der Herstellung hochwertiger, handgemachter Naturseifen & Kerzen widmet.","breadcrumb":{"@id":"https:\/\/www.werecycle.ch\/marke\/ayra\/#breadcrumb"},"inLanguage":"en-GB"},{"@type":"BreadcrumbList","@id":"https:\/\/www.werecycle.ch\/marke\/ayra\/#breadcrumb","itemListElement":[{"@type":"ListItem","position":1,"name":"Startseite","item":"https:\/\/www.werecycle.ch\/"},{"@type":"ListItem","position":2,"name":"AYRA"}]},{"@type":"WebSite","@id":"https:\/\/www.werecycle.ch\/de\/#website","url":"https:\/\/www.werecycle.ch\/de\/","name":"WeRecycle.ch | Recycling Services AG","description":"","publisher":{"@id":"https:\/\/www.werecycle.ch\/de\/#organization"},"potentialAction":[{"@type":"SearchAction","target":{"@type":"EntryPoint","urlTemplate":"https:\/\/www.werecycle.ch\/de\/?s={search_term_string}"},"query-input":{"@type":"PropertyValueSpecification","valueRequired":true,"valueName":"search_term_string"}}],"inLanguage":"en-GB"},{"@type":"Organization","@id":"https:\/\/www.werecycle.ch\/de\/#organization","name":"WeRecycle.ch | Recycling Services AG","url":"https:\/\/www.werecycle.ch\/de\/","logo":{"@type":"ImageObject","inLanguage":"en-GB","@id":"https:\/\/www.werecycle.ch\/de\/#\/schema\/logo\/image\/","url":"https:\/\/www.werecycle.ch\/wp-content\/uploads\/2022\/09\/logo_werecycle.webp","contentUrl":"https:\/\/www.werecycle.ch\/wp-content\/uploads\/2022\/09\/logo_werecycle.webp","width":1423,"height":427,"caption":"WeRecycle.ch | Recycling Services AG"},"image":{"@id":"https:\/\/www.werecycle.ch\/de\/#\/schema\/logo\/image\/"},"sameAs":["https:\/\/www.facebook.com\/www.werecycle.ch"]}]}},"_links":{"self":[{"href":"https:\/\/www.werecycle.ch\/en\/wp-json\/wp\/v2\/product_brand\/2654","targetHints":{"allow":["GET"]}}],"collection":[{"href":"https:\/\/www.werecycle.ch\/en\/wp-json\/wp\/v2\/product_brand"}],"about":[{"href":"https:\/\/www.werecycle.ch\/en\/wp-json\/wp\/v2\/taxonomies\/product_brand"}],"wp:post_type":[{"href":"https:\/\/www.werecycle.ch\/en\/wp-json\/wp\/v2\/product?product_brand=2654"}],"curies":[{"name":"wp","href":"https:\/\/api.w.org\/{rel}","templated":true}]}}