{"id":2568,"count":6,"description":"Die modischen Accessoires werden entweder ganz oder teilweise aus gebrauchten Materialien hergestellt, die sonst im M\u00fcll gelandet w\u00e4ren. Als Material kommen beispielsweise recycelte Zement- und Fischfutters\u00e4cke zum Einsatz. Die Produkte werden aus Kambodscha importiert und von den Kambodschanern selbst entworfen. Zu Hause in ihren Lehmh\u00fctten gestalten sie die Ideen und kreieren immer wieder neue Designs. Die Accessoires entstehen unter dem Fair-Trade-Siegel und werden dem Fair Brand zugeordnet.","link":"https:\/\/www.werecycle.ch\/de\/marke\/bekos\/","name":"Bekos","slug":"bekos","taxonomy":"product_brand","parent":0,"meta":[],"yoast_head":"<!-- This site is optimized with the Yoast SEO plugin v27.5 - https:\/\/yoast.com\/product\/yoast-seo-wordpress\/ -->\n<title>Marke Bekos - WeRecycle.ch | WR Group AG<\/title>\n<meta name=\"robots\" content=\"index, follow, max-snippet:-1, max-image-preview:large, max-video-preview:-1\" \/>\n<link rel=\"canonical\" href=\"https:\/\/www.werecycle.ch\/de\/marke\/bekos\/\" \/>\n<meta property=\"og:locale\" content=\"de_DE\" \/>\n<meta property=\"og:type\" content=\"article\" \/>\n<meta property=\"og:title\" content=\"Marke Bekos - WeRecycle.ch | WR Group AG\" \/>\n<meta property=\"og:description\" content=\"Die modischen Accessoires werden entweder ganz oder teilweise aus gebrauchten Materialien hergestellt, die sonst im M\u00fcll gelandet w\u00e4ren. Als Material kommen beispielsweise recycelte Zement- und Fischfutters\u00e4cke zum Einsatz. Die Produkte werden aus Kambodscha importiert und von den Kambodschanern selbst entworfen. Zu Hause in ihren Lehmh\u00fctten gestalten sie die Ideen und kreieren immer wieder neue Designs. Die Accessoires entstehen unter dem Fair-Trade-Siegel und werden dem Fair Brand zugeordnet.\" \/>\n<meta property=\"og:url\" content=\"https:\/\/www.werecycle.ch\/de\/marke\/bekos\/\" \/>\n<meta property=\"og:site_name\" content=\"WeRecycle.ch | WR Group AG\" \/>\n<meta property=\"og:image\" content=\"https:\/\/www.werecycle.ch\/wp-content\/uploads\/2022\/09\/logo_werecycle.webp\" \/>\n\t<meta property=\"og:image:width\" content=\"1423\" \/>\n\t<meta property=\"og:image:height\" content=\"427\" \/>\n\t<meta property=\"og:image:type\" content=\"image\/webp\" \/>\n<meta name=\"twitter:card\" content=\"summary_large_image\" \/>\n<script type=\"application\/ld+json\" class=\"yoast-schema-graph\">{\"@context\":\"https:\\\/\\\/schema.org\",\"@graph\":[{\"@type\":\"CollectionPage\",\"@id\":\"https:\\\/\\\/www.werecycle.ch\\\/marke\\\/bekos\\\/\",\"url\":\"https:\\\/\\\/www.werecycle.ch\\\/marke\\\/bekos\\\/\",\"name\":\"Marke Bekos - WeRecycle.ch | WR Group AG\",\"isPartOf\":{\"@id\":\"https:\\\/\\\/www.werecycle.ch\\\/de\\\/#website\"},\"breadcrumb\":{\"@id\":\"https:\\\/\\\/www.werecycle.ch\\\/marke\\\/bekos\\\/#breadcrumb\"},\"inLanguage\":\"de\"},{\"@type\":\"BreadcrumbList\",\"@id\":\"https:\\\/\\\/www.werecycle.ch\\\/marke\\\/bekos\\\/#breadcrumb\",\"itemListElement\":[{\"@type\":\"ListItem\",\"position\":1,\"name\":\"Startseite\",\"item\":\"https:\\\/\\\/www.werecycle.ch\\\/\"},{\"@type\":\"ListItem\",\"position\":2,\"name\":\"Bekos\"}]},{\"@type\":\"WebSite\",\"@id\":\"https:\\\/\\\/www.werecycle.ch\\\/de\\\/#website\",\"url\":\"https:\\\/\\\/www.werecycle.ch\\\/de\\\/\",\"name\":\"WeRecycle.ch | Recycling Services AG\",\"description\":\"\",\"publisher\":{\"@id\":\"https:\\\/\\\/www.werecycle.ch\\\/de\\\/#organization\"},\"potentialAction\":[{\"@type\":\"SearchAction\",\"target\":{\"@type\":\"EntryPoint\",\"urlTemplate\":\"https:\\\/\\\/www.werecycle.ch\\\/de\\\/?s={search_term_string}\"},\"query-input\":{\"@type\":\"PropertyValueSpecification\",\"valueRequired\":true,\"valueName\":\"search_term_string\"}}],\"inLanguage\":\"de\"},{\"@type\":\"Organization\",\"@id\":\"https:\\\/\\\/www.werecycle.ch\\\/de\\\/#organization\",\"name\":\"WeRecycle.ch | Recycling Services AG\",\"url\":\"https:\\\/\\\/www.werecycle.ch\\\/de\\\/\",\"logo\":{\"@type\":\"ImageObject\",\"inLanguage\":\"de\",\"@id\":\"https:\\\/\\\/www.werecycle.ch\\\/de\\\/#\\\/schema\\\/logo\\\/image\\\/\",\"url\":\"https:\\\/\\\/www.werecycle.ch\\\/wp-content\\\/uploads\\\/2022\\\/09\\\/logo_werecycle.webp\",\"contentUrl\":\"https:\\\/\\\/www.werecycle.ch\\\/wp-content\\\/uploads\\\/2022\\\/09\\\/logo_werecycle.webp\",\"width\":1423,\"height\":427,\"caption\":\"WeRecycle.ch | Recycling Services AG\"},\"image\":{\"@id\":\"https:\\\/\\\/www.werecycle.ch\\\/de\\\/#\\\/schema\\\/logo\\\/image\\\/\"},\"sameAs\":[\"https:\\\/\\\/www.facebook.com\\\/www.werecycle.ch\"]}]}<\/script>\n<!-- \/ Yoast SEO plugin. -->","yoast_head_json":{"title":"Marke Bekos - WeRecycle.ch | WR Group AG","robots":{"index":"index","follow":"follow","max-snippet":"max-snippet:-1","max-image-preview":"max-image-preview:large","max-video-preview":"max-video-preview:-1"},"canonical":"https:\/\/www.werecycle.ch\/de\/marke\/bekos\/","og_locale":"de_DE","og_type":"article","og_title":"Marke Bekos - WeRecycle.ch | WR Group AG","og_description":"Die modischen Accessoires werden entweder ganz oder teilweise aus gebrauchten Materialien hergestellt, die sonst im M\u00fcll gelandet w\u00e4ren. Als Material kommen beispielsweise recycelte Zement- und Fischfutters\u00e4cke zum Einsatz. Die Produkte werden aus Kambodscha importiert und von den Kambodschanern selbst entworfen. Zu Hause in ihren Lehmh\u00fctten gestalten sie die Ideen und kreieren immer wieder neue Designs. Die Accessoires entstehen unter dem Fair-Trade-Siegel und werden dem Fair Brand zugeordnet.","og_url":"https:\/\/www.werecycle.ch\/de\/marke\/bekos\/","og_site_name":"WeRecycle.ch | WR Group AG","og_image":[{"width":1423,"height":427,"url":"https:\/\/www.werecycle.ch\/wp-content\/uploads\/2022\/09\/logo_werecycle.webp","type":"image\/webp"}],"twitter_card":"summary_large_image","schema":{"@context":"https:\/\/schema.org","@graph":[{"@type":"CollectionPage","@id":"https:\/\/www.werecycle.ch\/marke\/bekos\/","url":"https:\/\/www.werecycle.ch\/marke\/bekos\/","name":"Marke Bekos - WeRecycle.ch | WR Group AG","isPartOf":{"@id":"https:\/\/www.werecycle.ch\/de\/#website"},"breadcrumb":{"@id":"https:\/\/www.werecycle.ch\/marke\/bekos\/#breadcrumb"},"inLanguage":"de"},{"@type":"BreadcrumbList","@id":"https:\/\/www.werecycle.ch\/marke\/bekos\/#breadcrumb","itemListElement":[{"@type":"ListItem","position":1,"name":"Startseite","item":"https:\/\/www.werecycle.ch\/"},{"@type":"ListItem","position":2,"name":"Bekos"}]},{"@type":"WebSite","@id":"https:\/\/www.werecycle.ch\/de\/#website","url":"https:\/\/www.werecycle.ch\/de\/","name":"WeRecycle.ch | Recycling Services AG","description":"","publisher":{"@id":"https:\/\/www.werecycle.ch\/de\/#organization"},"potentialAction":[{"@type":"SearchAction","target":{"@type":"EntryPoint","urlTemplate":"https:\/\/www.werecycle.ch\/de\/?s={search_term_string}"},"query-input":{"@type":"PropertyValueSpecification","valueRequired":true,"valueName":"search_term_string"}}],"inLanguage":"de"},{"@type":"Organization","@id":"https:\/\/www.werecycle.ch\/de\/#organization","name":"WeRecycle.ch | Recycling Services AG","url":"https:\/\/www.werecycle.ch\/de\/","logo":{"@type":"ImageObject","inLanguage":"de","@id":"https:\/\/www.werecycle.ch\/de\/#\/schema\/logo\/image\/","url":"https:\/\/www.werecycle.ch\/wp-content\/uploads\/2022\/09\/logo_werecycle.webp","contentUrl":"https:\/\/www.werecycle.ch\/wp-content\/uploads\/2022\/09\/logo_werecycle.webp","width":1423,"height":427,"caption":"WeRecycle.ch | Recycling Services AG"},"image":{"@id":"https:\/\/www.werecycle.ch\/de\/#\/schema\/logo\/image\/"},"sameAs":["https:\/\/www.facebook.com\/www.werecycle.ch"]}]}},"_links":{"self":[{"href":"https:\/\/www.werecycle.ch\/de\/wp-json\/wp\/v2\/product_brand\/2568","targetHints":{"allow":["GET"]}}],"collection":[{"href":"https:\/\/www.werecycle.ch\/de\/wp-json\/wp\/v2\/product_brand"}],"about":[{"href":"https:\/\/www.werecycle.ch\/de\/wp-json\/wp\/v2\/taxonomies\/product_brand"}],"wp:post_type":[{"href":"https:\/\/www.werecycle.ch\/de\/wp-json\/wp\/v2\/product?product_brand=2568"}],"curies":[{"name":"wp","href":"https:\/\/api.w.org\/{rel}","templated":true}]}}