{"id":3312,"date":"2020-05-28T11:55:42","date_gmt":"2020-05-28T09:55:42","guid":{"rendered":"https:\/\/www.werecycle.ch\/?p=3312"},"modified":"2022-10-28T11:58:42","modified_gmt":"2022-10-28T09:58:42","slug":"warum-wir-noch-auf-e-autos-verzichten","status":"publish","type":"post","link":"https:\/\/www.werecycle.ch\/de\/warum-wir-noch-auf-e-autos-verzichten\/","title":{"rendered":"Warum wir noch auf E-Autos verzichten"},"content":{"rendered":"\n<p>Wir wurden schon \u00f6fter gefragt, warum wir keine Hybrid- oder Elektrofahrzeuge zur Abholung der Wertstoffe einsetzen. Die Antwort ist eigentlich ganz einfach. Wir verzichten bewusst auf den Einsatz in unserem Fuhrpark. Nat\u00fcrlich achten wir&nbsp; bei der Beschaffung neuer Fahrzeuge auf den Schadstoffausstoss.<\/p>\n\n\n\n<h4 class=\"wp-block-heading\">Elektroautos nicht so gr\u00fcn, wie man denkt&#8230;<\/h4>\n\n\n\n<p>Allerdings ist die individuelle CO2 Emission nicht der ausschlaggebende Faktor. Neben den teilweise horrenden Anschaffungspreisen von Hybrid- oder Elektrofahrzeugen, besitzen viele bis heute eine sehr schlechte \u00d6kobilanz. Die verwendeten Materialien der Batterieherstellung Lithium, Kobalt und Mangan, welche nur mit enormen Energieaufw\u00e4nden produziert und mit langen Transportwege beschafft werden, verursachen starke Belastungen. Dazu kommt die problematische Wiederaufbereitung der Batteriebl\u00f6cke, welche sch\u00e4dliche Langzeiteffekte auf die Umwelt haben. Nur weil die Fahrzeuge keinen Auspuff besitzen, werden sie f\u00e4lschlicherweise oft als \u201eZero Emission\u201c angepriesen. Diese Aussage gilt allerdings nur f\u00fcr den Betrieb der Fahrzeuge. Erstellt man eine umfassende \u00d6kobilanz und bezieht alle Faktoren mit ein, sind aktuell, zumindest bei den Lieferw\u00e4gen, immer noch moderne Dieselfahzeuge die logische Wahl.<\/p>\n\n\n\n<h4 class=\"wp-block-heading\">Auch andere Alternativen \u00fcberzeugen uns noch nicht<\/h4>\n\n\n\n<p>Denn auch andere Konzepte, wie Bioethanol, Biodiesel oder Erdgas verlieren bei genauerer Betrachtung, schnell viel von ihrem Charme. Die Problematik von Monokulturen zur Brennstoffherstellung inklusive dem \u00fcberm\u00e4ssigen Einsatz von Pestiziden und Lebensmittel in den Treibstofftank zu f\u00fcllen, sind nur einige der kritischen Argumente. Auch gasbetriebene Motoren sind keine echte Alternative. Neben der Tatsache, dass auch Erdgas ein fossiler Brennsstoff und nicht unendlich f\u00f6rderbar ist, bedingt ein bivalenter Antrieb ein h\u00f6heres Gesamtgewicht, wodurch ein Teil des vermeintlichen Vorteils eingeb\u00fcsst wird.<br>Unser neuer IVECO Daily besitzt eines der effizientesten Antriebssysteme auf dem Markt. Es entspricht der Abgasnorm Euro 6d-TEMP und damit dem h\u00f6chsten Standard f\u00fcr Verbrennungsmotoren. Zum jetzigen Zeitpunkt schneiden solche Fahrzeuge sowohl \u00f6konomisch als auch \u00f6kologisch deutlich besser ab, als alternative Antriebssysteme.<\/p>\n","protected":false},"excerpt":{"rendered":"<p>Wir wurden schon \u00f6fter gefragt, warum wir keine Hybrid- oder Elektrofahrzeuge zur Abholung der Wertstoffe einsetzen. Die Antwort ist eigentlich ganz einfach. Wir verzichten bewusst auf den Einsatz in unserem Fuhrpark. Nat\u00fcrlich achten wir&nbsp; bei der Beschaffung neuer Fahrzeuge auf den Schadstoffausstoss. Elektroautos nicht so gr\u00fcn, wie man denkt&#8230; Allerdings ist die individuelle CO2 Emission [&hellip;]<\/p>\n","protected":false},"author":2,"featured_media":3314,"comment_status":"open","ping_status":"closed","sticky":false,"template":"","format":"standard","meta":{"ocean_post_layout":"","ocean_both_sidebars_style":"","ocean_both_sidebars_content_width":0,"ocean_both_sidebars_sidebars_width":0,"ocean_sidebar":"0","ocean_second_sidebar":"0","ocean_disable_margins":"enable","ocean_add_body_class":"","ocean_shortcode_before_top_bar":"","ocean_shortcode_after_top_bar":"","ocean_shortcode_before_header":"","ocean_shortcode_after_header":"","ocean_has_shortcode":"","ocean_shortcode_after_title":"","ocean_shortcode_before_footer_widgets":"","ocean_shortcode_after_footer_widgets":"","ocean_shortcode_before_footer_bottom":"","ocean_shortcode_after_footer_bottom":"","ocean_display_top_bar":"default","ocean_display_header":"default","ocean_header_style":"","ocean_center_header_left_menu":"0","ocean_custom_header_template":"0","ocean_custom_logo":0,"ocean_custom_retina_logo":0,"ocean_custom_logo_max_width":0,"ocean_custom_logo_tablet_max_width":0,"ocean_custom_logo_mobile_max_width":0,"ocean_custom_logo_max_height":0,"ocean_custom_logo_tablet_max_height":0,"ocean_custom_logo_mobile_max_height":0,"ocean_header_custom_menu":"0","ocean_menu_typo_font_family":"0","ocean_menu_typo_font_subset":"","ocean_menu_typo_font_size":0,"ocean_menu_typo_font_size_tablet":0,"ocean_menu_typo_font_size_mobile":0,"ocean_menu_typo_font_size_unit":"px","ocean_menu_typo_font_weight":"","ocean_menu_typo_font_weight_tablet":"","ocean_menu_typo_font_weight_mobile":"","ocean_menu_typo_transform":"","ocean_menu_typo_transform_tablet":"","ocean_menu_typo_transform_mobile":"","ocean_menu_typo_line_height":0,"ocean_menu_typo_line_height_tablet":0,"ocean_menu_typo_line_height_mobile":0,"ocean_menu_typo_line_height_unit":"","ocean_menu_typo_spacing":0,"ocean_menu_typo_spacing_tablet":0,"ocean_menu_typo_spacing_mobile":0,"ocean_menu_typo_spacing_unit":"","ocean_menu_link_color":"","ocean_menu_link_color_hover":"","ocean_menu_link_color_active":"","ocean_menu_link_background":"","ocean_menu_link_hover_background":"","ocean_menu_link_active_background":"","ocean_menu_social_links_bg":"","ocean_menu_social_hover_links_bg":"","ocean_menu_social_links_color":"","ocean_menu_social_hover_links_color":"","ocean_disable_title":"default","ocean_disable_heading":"default","ocean_post_title":"","ocean_post_subheading":"","ocean_post_title_style":"","ocean_post_title_background_color":"","ocean_post_title_background":0,"ocean_post_title_bg_image_position":"","ocean_post_title_bg_image_attachment":"","ocean_post_title_bg_image_repeat":"","ocean_post_title_bg_image_size":"","ocean_post_title_height":0,"ocean_post_title_bg_overlay":0.5,"ocean_post_title_bg_overlay_color":"","ocean_disable_breadcrumbs":"default","ocean_breadcrumbs_color":"","ocean_breadcrumbs_separator_color":"","ocean_breadcrumbs_links_color":"","ocean_breadcrumbs_links_hover_color":"","ocean_display_footer_widgets":"default","ocean_display_footer_bottom":"default","ocean_custom_footer_template":"0","ofc_meta_disable_footer_callout":"","ofc_meta_callout_button_url":"","ofc_meta_callout_button_txt":"","ofc_meta_callout_text":"","osh_disable_topbar_sticky":"default","osh_disable_header_sticky":"default","osh_sticky_header_style":"default","osh_sticky_header_effect":"","osh_custom_sticky_logo":0,"osh_custom_retina_sticky_logo":0,"osh_custom_sticky_logo_height":0,"osh_background_color":"","osh_links_color":"","osh_links_hover_color":"","osh_links_active_color":"","osh_links_bg_color":"","osh_links_hover_bg_color":"","osh_links_active_bg_color":"","osh_menu_social_links_color":"","osh_menu_social_hover_links_color":"","ocean_post_oembed":"","ocean_post_self_hosted_media":"","ocean_post_video_embed":"","ocean_link_format":"","ocean_link_format_target":"self","ocean_quote_format":"","ocean_quote_format_link":"post","ocean_gallery_link_images":"off","ocean_gallery_id":[],"footnotes":""},"categories":[171,170],"tags":[],"class_list":["post-3312","post","type-post","status-publish","format-standard","has-post-thumbnail","hentry","category-nachhaltigkeit","category-werecycle","entry","has-media","owp-thumbs-layout-horizontal","owp-btn-normal","owp-tabs-layout-horizontal","has-no-thumbnails","circle-sale"],"yoast_head":"<!-- This site is optimized with the Yoast SEO plugin v27.5 - https:\/\/yoast.com\/product\/yoast-seo-wordpress\/ -->\n<title>Warum wir noch auf E-Autos verzichten - WeRecycle.ch | WR Group AG<\/title>\n<meta name=\"description\" content=\"Elektroautos sind nicht so gr\u00fcn, wie man denkt. Die verwendeten Materialien der Batterieherstellung Lithium, Kobalt und Mangan verursachen starke CO2 Belastungen.\" \/>\n<meta name=\"robots\" content=\"index, follow, max-snippet:-1, max-image-preview:large, max-video-preview:-1\" \/>\n<link rel=\"canonical\" href=\"https:\/\/www.werecycle.ch\/de\/warum-wir-noch-auf-e-autos-verzichten\/\" \/>\n<meta property=\"og:locale\" content=\"de_DE\" \/>\n<meta property=\"og:type\" content=\"article\" \/>\n<meta property=\"og:title\" content=\"Warum wir noch auf E-Autos verzichten - WeRecycle.ch | WR Group AG\" \/>\n<meta property=\"og:description\" content=\"Elektroautos sind nicht so gr\u00fcn, wie man denkt. Die verwendeten Materialien der Batterieherstellung Lithium, Kobalt und Mangan verursachen starke CO2 Belastungen.\" \/>\n<meta property=\"og:url\" content=\"https:\/\/www.werecycle.ch\/de\/warum-wir-noch-auf-e-autos-verzichten\/\" \/>\n<meta property=\"og:site_name\" content=\"WeRecycle.ch | WR Group AG\" \/>\n<meta property=\"article:publisher\" content=\"https:\/\/www.facebook.com\/www.werecycle.ch\" \/>\n<meta property=\"article:published_time\" content=\"2020-05-28T09:55:42+00:00\" \/>\n<meta property=\"article:modified_time\" content=\"2022-10-28T09:58:42+00:00\" \/>\n<meta property=\"og:image\" content=\"https:\/\/www.werecycle.ch\/wp-content\/uploads\/2020\/05\/blog-elektro-fahrzeug.webp\" \/>\n\t<meta property=\"og:image:width\" content=\"1080\" \/>\n\t<meta property=\"og:image:height\" content=\"1080\" \/>\n\t<meta property=\"og:image:type\" content=\"image\/webp\" \/>\n<meta name=\"author\" content=\"Matthias Gemperle\" \/>\n<meta name=\"twitter:card\" content=\"summary_large_image\" \/>\n<script type=\"application\/ld+json\" class=\"yoast-schema-graph\">{\"@context\":\"https:\\\/\\\/schema.org\",\"@graph\":[{\"@type\":\"Article\",\"@id\":\"https:\\\/\\\/www.werecycle.ch\\\/de\\\/warum-wir-noch-auf-e-autos-verzichten\\\/#article\",\"isPartOf\":{\"@id\":\"https:\\\/\\\/www.werecycle.ch\\\/de\\\/warum-wir-noch-auf-e-autos-verzichten\\\/\"},\"author\":{\"name\":\"Matthias Gemperle\",\"@id\":\"https:\\\/\\\/www.werecycle.ch\\\/de\\\/#\\\/schema\\\/person\\\/26d870b2b4b2297a963bd82f8f0677bc\"},\"headline\":\"Warum wir noch auf E-Autos verzichten\",\"datePublished\":\"2020-05-28T09:55:42+00:00\",\"dateModified\":\"2022-10-28T09:58:42+00:00\",\"mainEntityOfPage\":{\"@id\":\"https:\\\/\\\/www.werecycle.ch\\\/de\\\/warum-wir-noch-auf-e-autos-verzichten\\\/\"},\"wordCount\":313,\"commentCount\":0,\"publisher\":{\"@id\":\"https:\\\/\\\/www.werecycle.ch\\\/de\\\/#organization\"},\"image\":{\"@id\":\"https:\\\/\\\/www.werecycle.ch\\\/de\\\/warum-wir-noch-auf-e-autos-verzichten\\\/#primaryimage\"},\"thumbnailUrl\":\"https:\\\/\\\/www.werecycle.ch\\\/wp-content\\\/uploads\\\/2020\\\/05\\\/blog-elektro-fahrzeug.webp\",\"articleSection\":[\"Nachhaltigkeit\",\"WeRecycle\"],\"inLanguage\":\"de\",\"potentialAction\":[{\"@type\":\"CommentAction\",\"name\":\"Comment\",\"target\":[\"https:\\\/\\\/www.werecycle.ch\\\/de\\\/warum-wir-noch-auf-e-autos-verzichten\\\/#respond\"]}]},{\"@type\":\"WebPage\",\"@id\":\"https:\\\/\\\/www.werecycle.ch\\\/de\\\/warum-wir-noch-auf-e-autos-verzichten\\\/\",\"url\":\"https:\\\/\\\/www.werecycle.ch\\\/de\\\/warum-wir-noch-auf-e-autos-verzichten\\\/\",\"name\":\"Warum wir noch auf E-Autos verzichten - WeRecycle.ch | WR Group AG\",\"isPartOf\":{\"@id\":\"https:\\\/\\\/www.werecycle.ch\\\/de\\\/#website\"},\"primaryImageOfPage\":{\"@id\":\"https:\\\/\\\/www.werecycle.ch\\\/de\\\/warum-wir-noch-auf-e-autos-verzichten\\\/#primaryimage\"},\"image\":{\"@id\":\"https:\\\/\\\/www.werecycle.ch\\\/de\\\/warum-wir-noch-auf-e-autos-verzichten\\\/#primaryimage\"},\"thumbnailUrl\":\"https:\\\/\\\/www.werecycle.ch\\\/wp-content\\\/uploads\\\/2020\\\/05\\\/blog-elektro-fahrzeug.webp\",\"datePublished\":\"2020-05-28T09:55:42+00:00\",\"dateModified\":\"2022-10-28T09:58:42+00:00\",\"description\":\"Elektroautos sind nicht so gr\u00fcn, wie man denkt. Die verwendeten Materialien der Batterieherstellung Lithium, Kobalt und Mangan verursachen starke CO2 Belastungen.\",\"breadcrumb\":{\"@id\":\"https:\\\/\\\/www.werecycle.ch\\\/de\\\/warum-wir-noch-auf-e-autos-verzichten\\\/#breadcrumb\"},\"inLanguage\":\"de\",\"potentialAction\":[{\"@type\":\"ReadAction\",\"target\":[\"https:\\\/\\\/www.werecycle.ch\\\/de\\\/warum-wir-noch-auf-e-autos-verzichten\\\/\"]}]},{\"@type\":\"ImageObject\",\"inLanguage\":\"de\",\"@id\":\"https:\\\/\\\/www.werecycle.ch\\\/de\\\/warum-wir-noch-auf-e-autos-verzichten\\\/#primaryimage\",\"url\":\"https:\\\/\\\/www.werecycle.ch\\\/wp-content\\\/uploads\\\/2020\\\/05\\\/blog-elektro-fahrzeug.webp\",\"contentUrl\":\"https:\\\/\\\/www.werecycle.ch\\\/wp-content\\\/uploads\\\/2020\\\/05\\\/blog-elektro-fahrzeug.webp\",\"width\":1080,\"height\":1080},{\"@type\":\"BreadcrumbList\",\"@id\":\"https:\\\/\\\/www.werecycle.ch\\\/de\\\/warum-wir-noch-auf-e-autos-verzichten\\\/#breadcrumb\",\"itemListElement\":[{\"@type\":\"ListItem\",\"position\":1,\"name\":\"Startseite\",\"item\":\"https:\\\/\\\/www.werecycle.ch\\\/\"},{\"@type\":\"ListItem\",\"position\":2,\"name\":\"Warum wir noch auf E-Autos verzichten\"}]},{\"@type\":\"WebSite\",\"@id\":\"https:\\\/\\\/www.werecycle.ch\\\/de\\\/#website\",\"url\":\"https:\\\/\\\/www.werecycle.ch\\\/de\\\/\",\"name\":\"WeRecycle.ch | Recycling Services AG\",\"description\":\"\",\"publisher\":{\"@id\":\"https:\\\/\\\/www.werecycle.ch\\\/de\\\/#organization\"},\"potentialAction\":[{\"@type\":\"SearchAction\",\"target\":{\"@type\":\"EntryPoint\",\"urlTemplate\":\"https:\\\/\\\/www.werecycle.ch\\\/de\\\/?s={search_term_string}\"},\"query-input\":{\"@type\":\"PropertyValueSpecification\",\"valueRequired\":true,\"valueName\":\"search_term_string\"}}],\"inLanguage\":\"de\"},{\"@type\":\"Organization\",\"@id\":\"https:\\\/\\\/www.werecycle.ch\\\/de\\\/#organization\",\"name\":\"WeRecycle.ch | Recycling Services AG\",\"url\":\"https:\\\/\\\/www.werecycle.ch\\\/de\\\/\",\"logo\":{\"@type\":\"ImageObject\",\"inLanguage\":\"de\",\"@id\":\"https:\\\/\\\/www.werecycle.ch\\\/de\\\/#\\\/schema\\\/logo\\\/image\\\/\",\"url\":\"https:\\\/\\\/www.werecycle.ch\\\/wp-content\\\/uploads\\\/2022\\\/09\\\/logo_werecycle.webp\",\"contentUrl\":\"https:\\\/\\\/www.werecycle.ch\\\/wp-content\\\/uploads\\\/2022\\\/09\\\/logo_werecycle.webp\",\"width\":1423,\"height\":427,\"caption\":\"WeRecycle.ch | Recycling Services AG\"},\"image\":{\"@id\":\"https:\\\/\\\/www.werecycle.ch\\\/de\\\/#\\\/schema\\\/logo\\\/image\\\/\"},\"sameAs\":[\"https:\\\/\\\/www.facebook.com\\\/www.werecycle.ch\"]},{\"@type\":\"Person\",\"@id\":\"https:\\\/\\\/www.werecycle.ch\\\/de\\\/#\\\/schema\\\/person\\\/26d870b2b4b2297a963bd82f8f0677bc\",\"name\":\"Matthias Gemperle\",\"image\":{\"@type\":\"ImageObject\",\"inLanguage\":\"de\",\"@id\":\"https:\\\/\\\/secure.gravatar.com\\\/avatar\\\/ee9a5635fee5941fdfb6d660dea8e70c39ca590a56675a603f0d226d79750bbe?s=96&d=mm&r=g\",\"url\":\"https:\\\/\\\/secure.gravatar.com\\\/avatar\\\/ee9a5635fee5941fdfb6d660dea8e70c39ca590a56675a603f0d226d79750bbe?s=96&d=mm&r=g\",\"contentUrl\":\"https:\\\/\\\/secure.gravatar.com\\\/avatar\\\/ee9a5635fee5941fdfb6d660dea8e70c39ca590a56675a603f0d226d79750bbe?s=96&d=mm&r=g\",\"caption\":\"Matthias Gemperle\"}}]}<\/script>\n<!-- \/ Yoast SEO plugin. -->","yoast_head_json":{"title":"Warum wir noch auf E-Autos verzichten - WeRecycle.ch | WR Group AG","description":"Elektroautos sind nicht so gr\u00fcn, wie man denkt. Die verwendeten Materialien der Batterieherstellung Lithium, Kobalt und Mangan verursachen starke CO2 Belastungen.","robots":{"index":"index","follow":"follow","max-snippet":"max-snippet:-1","max-image-preview":"max-image-preview:large","max-video-preview":"max-video-preview:-1"},"canonical":"https:\/\/www.werecycle.ch\/de\/warum-wir-noch-auf-e-autos-verzichten\/","og_locale":"de_DE","og_type":"article","og_title":"Warum wir noch auf E-Autos verzichten - WeRecycle.ch | WR Group AG","og_description":"Elektroautos sind nicht so gr\u00fcn, wie man denkt. Die verwendeten Materialien der Batterieherstellung Lithium, Kobalt und Mangan verursachen starke CO2 Belastungen.","og_url":"https:\/\/www.werecycle.ch\/de\/warum-wir-noch-auf-e-autos-verzichten\/","og_site_name":"WeRecycle.ch | WR Group AG","article_publisher":"https:\/\/www.facebook.com\/www.werecycle.ch","article_published_time":"2020-05-28T09:55:42+00:00","article_modified_time":"2022-10-28T09:58:42+00:00","og_image":[{"width":1080,"height":1080,"url":"https:\/\/www.werecycle.ch\/wp-content\/uploads\/2020\/05\/blog-elektro-fahrzeug.webp","type":"image\/webp"}],"author":"Matthias Gemperle","twitter_card":"summary_large_image","schema":{"@context":"https:\/\/schema.org","@graph":[{"@type":"Article","@id":"https:\/\/www.werecycle.ch\/de\/warum-wir-noch-auf-e-autos-verzichten\/#article","isPartOf":{"@id":"https:\/\/www.werecycle.ch\/de\/warum-wir-noch-auf-e-autos-verzichten\/"},"author":{"name":"Matthias Gemperle","@id":"https:\/\/www.werecycle.ch\/de\/#\/schema\/person\/26d870b2b4b2297a963bd82f8f0677bc"},"headline":"Warum wir noch auf E-Autos verzichten","datePublished":"2020-05-28T09:55:42+00:00","dateModified":"2022-10-28T09:58:42+00:00","mainEntityOfPage":{"@id":"https:\/\/www.werecycle.ch\/de\/warum-wir-noch-auf-e-autos-verzichten\/"},"wordCount":313,"commentCount":0,"publisher":{"@id":"https:\/\/www.werecycle.ch\/de\/#organization"},"image":{"@id":"https:\/\/www.werecycle.ch\/de\/warum-wir-noch-auf-e-autos-verzichten\/#primaryimage"},"thumbnailUrl":"https:\/\/www.werecycle.ch\/wp-content\/uploads\/2020\/05\/blog-elektro-fahrzeug.webp","articleSection":["Nachhaltigkeit","WeRecycle"],"inLanguage":"de","potentialAction":[{"@type":"CommentAction","name":"Comment","target":["https:\/\/www.werecycle.ch\/de\/warum-wir-noch-auf-e-autos-verzichten\/#respond"]}]},{"@type":"WebPage","@id":"https:\/\/www.werecycle.ch\/de\/warum-wir-noch-auf-e-autos-verzichten\/","url":"https:\/\/www.werecycle.ch\/de\/warum-wir-noch-auf-e-autos-verzichten\/","name":"Warum wir noch auf E-Autos verzichten - WeRecycle.ch | WR Group AG","isPartOf":{"@id":"https:\/\/www.werecycle.ch\/de\/#website"},"primaryImageOfPage":{"@id":"https:\/\/www.werecycle.ch\/de\/warum-wir-noch-auf-e-autos-verzichten\/#primaryimage"},"image":{"@id":"https:\/\/www.werecycle.ch\/de\/warum-wir-noch-auf-e-autos-verzichten\/#primaryimage"},"thumbnailUrl":"https:\/\/www.werecycle.ch\/wp-content\/uploads\/2020\/05\/blog-elektro-fahrzeug.webp","datePublished":"2020-05-28T09:55:42+00:00","dateModified":"2022-10-28T09:58:42+00:00","description":"Elektroautos sind nicht so gr\u00fcn, wie man denkt. Die verwendeten Materialien der Batterieherstellung Lithium, Kobalt und Mangan verursachen starke CO2 Belastungen.","breadcrumb":{"@id":"https:\/\/www.werecycle.ch\/de\/warum-wir-noch-auf-e-autos-verzichten\/#breadcrumb"},"inLanguage":"de","potentialAction":[{"@type":"ReadAction","target":["https:\/\/www.werecycle.ch\/de\/warum-wir-noch-auf-e-autos-verzichten\/"]}]},{"@type":"ImageObject","inLanguage":"de","@id":"https:\/\/www.werecycle.ch\/de\/warum-wir-noch-auf-e-autos-verzichten\/#primaryimage","url":"https:\/\/www.werecycle.ch\/wp-content\/uploads\/2020\/05\/blog-elektro-fahrzeug.webp","contentUrl":"https:\/\/www.werecycle.ch\/wp-content\/uploads\/2020\/05\/blog-elektro-fahrzeug.webp","width":1080,"height":1080},{"@type":"BreadcrumbList","@id":"https:\/\/www.werecycle.ch\/de\/warum-wir-noch-auf-e-autos-verzichten\/#breadcrumb","itemListElement":[{"@type":"ListItem","position":1,"name":"Startseite","item":"https:\/\/www.werecycle.ch\/"},{"@type":"ListItem","position":2,"name":"Warum wir noch auf E-Autos verzichten"}]},{"@type":"WebSite","@id":"https:\/\/www.werecycle.ch\/de\/#website","url":"https:\/\/www.werecycle.ch\/de\/","name":"WeRecycle.ch | Recycling Services AG","description":"","publisher":{"@id":"https:\/\/www.werecycle.ch\/de\/#organization"},"potentialAction":[{"@type":"SearchAction","target":{"@type":"EntryPoint","urlTemplate":"https:\/\/www.werecycle.ch\/de\/?s={search_term_string}"},"query-input":{"@type":"PropertyValueSpecification","valueRequired":true,"valueName":"search_term_string"}}],"inLanguage":"de"},{"@type":"Organization","@id":"https:\/\/www.werecycle.ch\/de\/#organization","name":"WeRecycle.ch | Recycling Services AG","url":"https:\/\/www.werecycle.ch\/de\/","logo":{"@type":"ImageObject","inLanguage":"de","@id":"https:\/\/www.werecycle.ch\/de\/#\/schema\/logo\/image\/","url":"https:\/\/www.werecycle.ch\/wp-content\/uploads\/2022\/09\/logo_werecycle.webp","contentUrl":"https:\/\/www.werecycle.ch\/wp-content\/uploads\/2022\/09\/logo_werecycle.webp","width":1423,"height":427,"caption":"WeRecycle.ch | Recycling Services AG"},"image":{"@id":"https:\/\/www.werecycle.ch\/de\/#\/schema\/logo\/image\/"},"sameAs":["https:\/\/www.facebook.com\/www.werecycle.ch"]},{"@type":"Person","@id":"https:\/\/www.werecycle.ch\/de\/#\/schema\/person\/26d870b2b4b2297a963bd82f8f0677bc","name":"Matthias Gemperle","image":{"@type":"ImageObject","inLanguage":"de","@id":"https:\/\/secure.gravatar.com\/avatar\/ee9a5635fee5941fdfb6d660dea8e70c39ca590a56675a603f0d226d79750bbe?s=96&d=mm&r=g","url":"https:\/\/secure.gravatar.com\/avatar\/ee9a5635fee5941fdfb6d660dea8e70c39ca590a56675a603f0d226d79750bbe?s=96&d=mm&r=g","contentUrl":"https:\/\/secure.gravatar.com\/avatar\/ee9a5635fee5941fdfb6d660dea8e70c39ca590a56675a603f0d226d79750bbe?s=96&d=mm&r=g","caption":"Matthias Gemperle"}}]}},"_links":{"self":[{"href":"https:\/\/www.werecycle.ch\/de\/wp-json\/wp\/v2\/posts\/3312","targetHints":{"allow":["GET"]}}],"collection":[{"href":"https:\/\/www.werecycle.ch\/de\/wp-json\/wp\/v2\/posts"}],"about":[{"href":"https:\/\/www.werecycle.ch\/de\/wp-json\/wp\/v2\/types\/post"}],"author":[{"embeddable":true,"href":"https:\/\/www.werecycle.ch\/de\/wp-json\/wp\/v2\/users\/2"}],"replies":[{"embeddable":true,"href":"https:\/\/www.werecycle.ch\/de\/wp-json\/wp\/v2\/comments?post=3312"}],"version-history":[{"count":0,"href":"https:\/\/www.werecycle.ch\/de\/wp-json\/wp\/v2\/posts\/3312\/revisions"}],"wp:featuredmedia":[{"embeddable":true,"href":"https:\/\/www.werecycle.ch\/de\/wp-json\/wp\/v2\/media\/3314"}],"wp:attachment":[{"href":"https:\/\/www.werecycle.ch\/de\/wp-json\/wp\/v2\/media?parent=3312"}],"wp:term":[{"taxonomy":"category","embeddable":true,"href":"https:\/\/www.werecycle.ch\/de\/wp-json\/wp\/v2\/categories?post=3312"},{"taxonomy":"post_tag","embeddable":true,"href":"https:\/\/www.werecycle.ch\/de\/wp-json\/wp\/v2\/tags?post=3312"}],"curies":[{"name":"wp","href":"https:\/\/api.w.org\/{rel}","templated":true}]}}